{"id":248,"date":"2023-07-29T07:50:00","date_gmt":"2023-07-29T05:50:00","guid":{"rendered":"https:\/\/alienne.fr\/?p=248"},"modified":"2023-07-30T19:59:19","modified_gmt":"2023-07-30T17:59:19","slug":"248","status":"publish","type":"post","link":"https:\/\/alienne.fr\/?p=248","title":{"rendered":""},"content":{"rendered":"\n<p>j&rsquo;ai les pieds mouill\u00e9s<br>comme j&rsquo;ai appris \u00e0 accepter que des pieds le soient<br>en remontant avec vous le cours de la rivi\u00e8re<\/p>\n\n\n\n<p>je marche seule vers le sommet<br>dans le soleil levant<br>le c\u0153ur \u00e9cartel\u00e9<br>de vos absences<\/p>\n\n\n\n<p>vous<br>trop nombrables vous<br>avec qui partager<br>la rage et le sacr\u00e9<\/p>\n\n\n\n<p>j&rsquo;avance<br>la brume en contrebas<br>un recueil de po\u00e9sie dans la poche<\/p>\n\n\n\n<p>je hurle<br>et il y a l&rsquo;espace, un instant,<br>pour faire exister l&rsquo;injustice<\/p>\n\n\n\n<p>\u00e0 contretemps j&rsquo;\u00e9cris<br>mes yeux ont tout vu<br>m\u00eame les infimes toiles de ros\u00e9e \u00e0 la racine des herbes des champs<br>mes yeux ont tout vu<br>il y a tant de fleurs des champs<br>mais pas un seul maudit chardon<\/p>\n","protected":false},"excerpt":{"rendered":"<p>j&rsquo;ai les pieds mouill\u00e9scomme j&rsquo;ai appris \u00e0 accepter que des pieds le soienten remontant avec vous le cours de la rivi\u00e8re je marche seule vers le sommetdans le soleil levantle c\u0153ur \u00e9cartel\u00e9de vos absences voustrop nombrables vousavec qui partagerla rage et le sacr\u00e9 j&rsquo;avancela brume en contrebasun recueil de po\u00e9sie dans la poche je hurleet [&hellip;]<\/p>\n","protected":false},"author":1,"featured_media":0,"comment_status":"open","ping_status":"open","sticky":false,"template":"","format":"standard","meta":{"_jetpack_memberships_contains_paid_content":false,"footnotes":""},"categories":[4],"tags":[],"class_list":["post-248","post","type-post","status-publish","format-standard","hentry","category-vrac-de-rimes-et-de-prose"],"jetpack_featured_media_url":"","jetpack_sharing_enabled":true,"_links":{"self":[{"href":"https:\/\/alienne.fr\/index.php?rest_route=\/wp\/v2\/posts\/248","targetHints":{"allow":["GET"]}}],"collection":[{"href":"https:\/\/alienne.fr\/index.php?rest_route=\/wp\/v2\/posts"}],"about":[{"href":"https:\/\/alienne.fr\/index.php?rest_route=\/wp\/v2\/types\/post"}],"author":[{"embeddable":true,"href":"https:\/\/alienne.fr\/index.php?rest_route=\/wp\/v2\/users\/1"}],"replies":[{"embeddable":true,"href":"https:\/\/alienne.fr\/index.php?rest_route=%2Fwp%2Fv2%2Fcomments&post=248"}],"version-history":[{"count":1,"href":"https:\/\/alienne.fr\/index.php?rest_route=\/wp\/v2\/posts\/248\/revisions"}],"predecessor-version":[{"id":249,"href":"https:\/\/alienne.fr\/index.php?rest_route=\/wp\/v2\/posts\/248\/revisions\/249"}],"wp:attachment":[{"href":"https:\/\/alienne.fr\/index.php?rest_route=%2Fwp%2Fv2%2Fmedia&parent=248"}],"wp:term":[{"taxonomy":"category","embeddable":true,"href":"https:\/\/alienne.fr\/index.php?rest_route=%2Fwp%2Fv2%2Fcategories&post=248"},{"taxonomy":"post_tag","embeddable":true,"href":"https:\/\/alienne.fr\/index.php?rest_route=%2Fwp%2Fv2%2Ftags&post=248"}],"curies":[{"name":"wp","href":"https:\/\/api.w.org\/{rel}","templated":true}]}}