{"id":254,"date":"2024-04-19T21:02:13","date_gmt":"2024-04-19T19:02:13","guid":{"rendered":"https:\/\/alienne.fr\/?p=254"},"modified":"2024-04-19T21:02:13","modified_gmt":"2024-04-19T19:02:13","slug":"haikus-de-printemps","status":"publish","type":"post","link":"https:\/\/alienne.fr\/?p=254","title":{"rendered":"Ha\u00efkus de printemps"},"content":{"rendered":"<p>Se rappeler la lumi\u00e8re<br \/>\nRetrouver son mouvement<br \/>\nC&rsquo;est \u00e7a la foi<\/p>\n<p>\u00c9clore &#8211;<br \/>\ncommencer \u00e0 exister<br \/>\nsans se douter de rien<\/p>\n<p>Cach\u00e9 dans l&rsquo;ombre de mon courage<br \/>\nJ&rsquo;ai d\u00e9couvert un tr\u00e9sor<br \/>\nBonjour, douceur <\/p>\n<p>Ouverture timide<br \/>\nsi je veux un Ma\u00eetre<br \/>\nc&rsquo;est celui des fleurs<\/p>\n<p>J&rsquo;ai perdu la tristesse<br \/>\nde ce que j&rsquo;avais perdu<br \/>\nLe vide est f\u00e9cond<\/p>\n<p>1,2,3 je suis une grenouille<br \/>\n4,5,6<br \/>\n&#8211; plouf !<\/p>\n<p>Feuilles jeunes et tendres<br \/>\nVous conna\u00eetrez bient\u00f4t<br \/>\nLe dur soleil<\/p>\n<p>Les yeux lourds<br \/>\nje ne dors pas<br \/>\nmais je r\u00eave de la sieste<\/p>\n<p>J&rsquo;ai bu de ton eau<br \/>\nsans te remercier.<br \/>\nPardon.<\/p>\n<p>L&rsquo;amour porte un visage<br \/>\nqu&rsquo;enfin j&rsquo;ai appris<br \/>\n\u00c0 reconna\u00eetre<\/p>\n<p>Il est si simple de vivre<br \/>\nQuand on oublie<br \/>\nD&rsquo;y penser<\/p>\n","protected":false},"excerpt":{"rendered":"<p>Se rappeler la lumi\u00e8re Retrouver son mouvement C&rsquo;est \u00e7a la foi \u00c9clore &#8211; commencer \u00e0 exister sans se douter de rien Cach\u00e9 dans l&rsquo;ombre de mon courage J&rsquo;ai d\u00e9couvert un tr\u00e9sor Bonjour, douceur Ouverture timide si je veux un Ma\u00eetre c&rsquo;est celui des fleurs J&rsquo;ai perdu la tristesse de ce que j&rsquo;avais perdu Le vide [&hellip;]<\/p>\n","protected":false},"author":1,"featured_media":0,"comment_status":"open","ping_status":"open","sticky":false,"template":"","format":"standard","meta":{"_jetpack_memberships_contains_paid_content":false,"footnotes":""},"categories":[4],"tags":[],"class_list":["post-254","post","type-post","status-publish","format-standard","hentry","category-vrac-de-rimes-et-de-prose"],"jetpack_featured_media_url":"","jetpack_sharing_enabled":true,"_links":{"self":[{"href":"https:\/\/alienne.fr\/index.php?rest_route=\/wp\/v2\/posts\/254","targetHints":{"allow":["GET"]}}],"collection":[{"href":"https:\/\/alienne.fr\/index.php?rest_route=\/wp\/v2\/posts"}],"about":[{"href":"https:\/\/alienne.fr\/index.php?rest_route=\/wp\/v2\/types\/post"}],"author":[{"embeddable":true,"href":"https:\/\/alienne.fr\/index.php?rest_route=\/wp\/v2\/users\/1"}],"replies":[{"embeddable":true,"href":"https:\/\/alienne.fr\/index.php?rest_route=%2Fwp%2Fv2%2Fcomments&post=254"}],"version-history":[{"count":1,"href":"https:\/\/alienne.fr\/index.php?rest_route=\/wp\/v2\/posts\/254\/revisions"}],"predecessor-version":[{"id":255,"href":"https:\/\/alienne.fr\/index.php?rest_route=\/wp\/v2\/posts\/254\/revisions\/255"}],"wp:attachment":[{"href":"https:\/\/alienne.fr\/index.php?rest_route=%2Fwp%2Fv2%2Fmedia&parent=254"}],"wp:term":[{"taxonomy":"category","embeddable":true,"href":"https:\/\/alienne.fr\/index.php?rest_route=%2Fwp%2Fv2%2Fcategories&post=254"},{"taxonomy":"post_tag","embeddable":true,"href":"https:\/\/alienne.fr\/index.php?rest_route=%2Fwp%2Fv2%2Ftags&post=254"}],"curies":[{"name":"wp","href":"https:\/\/api.w.org\/{rel}","templated":true}]}}