{"id":260,"date":"2024-06-09T04:17:00","date_gmt":"2024-06-09T02:17:00","guid":{"rendered":"https:\/\/alienne.fr\/?p=260"},"modified":"2024-06-12T18:21:52","modified_gmt":"2024-06-12T16:21:52","slug":"la-piece-manquante","status":"publish","type":"post","link":"https:\/\/alienne.fr\/?p=260","title":{"rendered":"La pi\u00e8ce manquante"},"content":{"rendered":"<p>C&rsquo;est un dessin dont le centre est un trou noir.<br \/>\nPas un corps c\u00e9leste myst\u00e9rieux,<br \/>\nun trou noir litt\u00e9ral<br \/>\nun vide satur\u00e9<br \/>\nde quelque chose qui ne fait pas sens<br \/>\nune absence devenue r\u00e9cemment<br \/>\nintens\u00e9ment pr\u00e9sente.<br \/>\nTout appara\u00eet en creux<br \/>\ncomme des lignes dans le papier lorsqu&rsquo;on passe le crayon dessus.<br \/>\nUn oxymore enfonc\u00e9 dans la chair<br \/>\nest plus dur \u00e0 encaisser<br \/>\nque dans le texte<br \/>\net confine presque \u00e0 l&rsquo;asphyxie<br \/>\nqui fait tourner la t\u00eate.<br \/>\nUn oxymore dans la chair \u00e7a s&rsquo;oublie<br \/>\nparce qu&rsquo;un peu de flou artistique,<br \/>\nquand on ne sait pas dessiner,<br \/>\nc&rsquo;est plus joli.<br \/>\nUn oxymore dans la chair \u00e7a se traduit<br \/>\nparce qu&rsquo;il y a d&rsquo;autre fa\u00e7on de faire du symbolique<br \/>\nque la po\u00e9sie<br \/>\npsychosomatique.<br \/>\nOxymore, c&rsquo;est un joli mot.<br \/>\nJe l&rsquo;aimerai beaucoup, plus tard.<\/p>\n","protected":false},"excerpt":{"rendered":"<p>C&rsquo;est un dessin dont le centre est un trou noir. Pas un corps c\u00e9leste myst\u00e9rieux, un trou noir litt\u00e9ral un vide satur\u00e9 de quelque chose qui ne fait pas sens une absence devenue r\u00e9cemment intens\u00e9ment pr\u00e9sente. Tout appara\u00eet en creux comme des lignes dans le papier lorsqu&rsquo;on passe le crayon dessus. Un oxymore enfonc\u00e9 dans [&hellip;]<\/p>\n","protected":false},"author":1,"featured_media":0,"comment_status":"open","ping_status":"open","sticky":false,"template":"","format":"standard","meta":{"_jetpack_memberships_contains_paid_content":false,"footnotes":""},"categories":[4],"tags":[],"class_list":["post-260","post","type-post","status-publish","format-standard","hentry","category-vrac-de-rimes-et-de-prose"],"jetpack_featured_media_url":"","jetpack_sharing_enabled":true,"_links":{"self":[{"href":"https:\/\/alienne.fr\/index.php?rest_route=\/wp\/v2\/posts\/260","targetHints":{"allow":["GET"]}}],"collection":[{"href":"https:\/\/alienne.fr\/index.php?rest_route=\/wp\/v2\/posts"}],"about":[{"href":"https:\/\/alienne.fr\/index.php?rest_route=\/wp\/v2\/types\/post"}],"author":[{"embeddable":true,"href":"https:\/\/alienne.fr\/index.php?rest_route=\/wp\/v2\/users\/1"}],"replies":[{"embeddable":true,"href":"https:\/\/alienne.fr\/index.php?rest_route=%2Fwp%2Fv2%2Fcomments&post=260"}],"version-history":[{"count":3,"href":"https:\/\/alienne.fr\/index.php?rest_route=\/wp\/v2\/posts\/260\/revisions"}],"predecessor-version":[{"id":263,"href":"https:\/\/alienne.fr\/index.php?rest_route=\/wp\/v2\/posts\/260\/revisions\/263"}],"wp:attachment":[{"href":"https:\/\/alienne.fr\/index.php?rest_route=%2Fwp%2Fv2%2Fmedia&parent=260"}],"wp:term":[{"taxonomy":"category","embeddable":true,"href":"https:\/\/alienne.fr\/index.php?rest_route=%2Fwp%2Fv2%2Fcategories&post=260"},{"taxonomy":"post_tag","embeddable":true,"href":"https:\/\/alienne.fr\/index.php?rest_route=%2Fwp%2Fv2%2Ftags&post=260"}],"curies":[{"name":"wp","href":"https:\/\/api.w.org\/{rel}","templated":true}]}}