{"id":265,"date":"2024-11-02T10:51:43","date_gmt":"2024-11-02T09:51:43","guid":{"rendered":"https:\/\/alienne.fr\/?p=265"},"modified":"2024-12-07T11:03:22","modified_gmt":"2024-12-07T10:03:22","slug":"enfant-louve","status":"publish","type":"post","link":"https:\/\/alienne.fr\/?p=265","title":{"rendered":"enfant-louve"},"content":{"rendered":"<p>je sens l\u2019enfant-louve juste sous la surface<br \/>\nson envie de hurler qui r\u00e9sonne silencieusement dans ma cage thoracique<br \/>\nses dents qui voudraient d\u00e9chirer<br \/>\nd\u00e9chirer<br \/>\nd\u00e9chirer<br \/>\nte d\u00e9chirer toi, si tu t\u2019approches<br \/>\ncomme elle a d\u00e9chir\u00e9<br \/>\nla r\u00e9alit\u00e9<br \/>\npour se faire une cachette<br \/>\nje suis l\u2019enfant-louve<br \/>\nma grotte est inviolable<br \/>\nelle n\u2019est<br \/>\npas l\u00e0, pas ici,<br \/>\nnulle part et pourtant,<br \/>\nj\u2019y vis<br \/>\nje suis l\u2019enfant seule<br \/>\nseule et sans repos<br \/>\ntremblante et enrag\u00e9e<br \/>\ndepuis des temps<br \/>\neffac\u00e9s de la m\u00e9moire<br \/>\nje suis l\u2019enfant-louve<br \/>\net pour la premi\u00e8re fois<br \/>\nje parle<br \/>\nsi tu me touches je te tue<br \/>\nje te casse la nuque<br \/>\nje t\u2019arrache la t\u00eate<br \/>\net d\u00e9vore tes entrailles<\/p>\n<p>si tu me touches<br \/>\n&#8211; je te tue<\/p>\n","protected":false},"excerpt":{"rendered":"<p>je sens l\u2019enfant-louve juste sous la surface son envie de hurler qui r\u00e9sonne silencieusement dans ma cage thoracique ses dents qui voudraient d\u00e9chirer d\u00e9chirer d\u00e9chirer te d\u00e9chirer toi, si tu t\u2019approches comme elle a d\u00e9chir\u00e9 la r\u00e9alit\u00e9 pour se faire une cachette je suis l\u2019enfant-louve ma grotte est inviolable elle n\u2019est pas l\u00e0, pas ici, [&hellip;]<\/p>\n","protected":false},"author":1,"featured_media":0,"comment_status":"open","ping_status":"open","sticky":false,"template":"","format":"standard","meta":{"_jetpack_memberships_contains_paid_content":false,"footnotes":""},"categories":[4],"tags":[],"class_list":["post-265","post","type-post","status-publish","format-standard","hentry","category-vrac-de-rimes-et-de-prose"],"jetpack_featured_media_url":"","jetpack_sharing_enabled":true,"_links":{"self":[{"href":"https:\/\/alienne.fr\/index.php?rest_route=\/wp\/v2\/posts\/265","targetHints":{"allow":["GET"]}}],"collection":[{"href":"https:\/\/alienne.fr\/index.php?rest_route=\/wp\/v2\/posts"}],"about":[{"href":"https:\/\/alienne.fr\/index.php?rest_route=\/wp\/v2\/types\/post"}],"author":[{"embeddable":true,"href":"https:\/\/alienne.fr\/index.php?rest_route=\/wp\/v2\/users\/1"}],"replies":[{"embeddable":true,"href":"https:\/\/alienne.fr\/index.php?rest_route=%2Fwp%2Fv2%2Fcomments&post=265"}],"version-history":[{"count":2,"href":"https:\/\/alienne.fr\/index.php?rest_route=\/wp\/v2\/posts\/265\/revisions"}],"predecessor-version":[{"id":270,"href":"https:\/\/alienne.fr\/index.php?rest_route=\/wp\/v2\/posts\/265\/revisions\/270"}],"wp:attachment":[{"href":"https:\/\/alienne.fr\/index.php?rest_route=%2Fwp%2Fv2%2Fmedia&parent=265"}],"wp:term":[{"taxonomy":"category","embeddable":true,"href":"https:\/\/alienne.fr\/index.php?rest_route=%2Fwp%2Fv2%2Fcategories&post=265"},{"taxonomy":"post_tag","embeddable":true,"href":"https:\/\/alienne.fr\/index.php?rest_route=%2Fwp%2Fv2%2Ftags&post=265"}],"curies":[{"name":"wp","href":"https:\/\/api.w.org\/{rel}","templated":true}]}}